[{"_id":"3549739","id":"3549739","nome":"","preco":"0.00","data_atualizacao":"1786470214","preco_venda":"0.00","preco_locacao":"0.00","preco_locacao_dia":"0.00","logradouro":"","video":null,"terreno":"0","quartos":"","garagens":"","banheiros":"","area":"0.00","area_terreno":"0.00","area_util":"0.00","mudou":"1","vila":"Imbiribeira","bairro":"Jardim Bela Vista","bairros_link":"jardim_bela_vista","imoveis_tipos_titulo":null,"imoveis_tipos_english":null,"imoveis_tipos_link":null,"imoveis_tipos_id":null,"id_tipo":"0","cidades_link":"campo_largo_pr","tipo":"venda","tipo_venda":"1","tipo_locacao":"0","tipo_locacao_dia":"0","id_empresa":"82570","views":"0","imovel_id_cidade":"11","bairro_cidade":"11","cidades_id":"11","cidade_nome":"Campo Largo","uf":"PR","bairro_combo":"1425","nome_empresa":"MCE - \u00c1reas industriais para barrac\u00f5es","imobiliaria_nome":"MCE - \u00c1reas industriais para barrac\u00f5es","imobiliaria_nome_seo":"MCE-Investimentos-Imoveis","imobiliaria_telefone":"41 32742801","logo":"75892200949_logopeq.jpg","imobiliaria_logradouro":"Rua Coronel Feliciano Ribeiro","imobiliaria_bairro":"Semin\u00e1rio","imobiliaria_cidade":"Curitiba","imobiliaria_numero":"149","empresa_dominio":"https:\/\/www.mceinvestimentos.com.br\/","empresa_email":"mce.investimentos@icloud.com","locacao_email":"","creci":"F-23203","longitude":"-49.57662097811889","latitude":"-25.455833594012738","logradouro_":null,"descricao":"\u003Cp\u003E\u00c1rea localizada em Campo Largo-PR, na zona de influ\u00eancia log\u00edstica,pr\u00f3xima aos grandes eixos rodovi\u00e1rios, que interceptam o Munic\u00edpio\u003C\/p\u003E\u003Cp\u003EZoneamento: ZIL-1 Metragem: 92.596,87 m2\u003C\/p\u003E\u003Cp\u003EPotencial para a instala\u00e7\u00e3o de atividades log\u00edsticas, servi\u00e7os e ind\u00fastrias.\u003Cbr\u003E\u003C\/p\u003E\u003Cp\u003E*Esta zona n\u00e3o \u00e9 atingida por \u00e1rea de manancial, favorecendo inclusive a implanta\u00e7\u00e3o de empreendimentos de grande porte.\u003C\/p\u003E\u003Cp\u003EA uma dist\u00e2ncia de 5 minutos do Outlet Premium\u003C\/p\u003E\u003Cp\u003E\u003Cb style=\u0022background-color: rgb(255, 255, 0);\u0022\u003EValor:R$250,00\/m2(\u00e0 vista) Validade: setembro\/2026\u003C\/b\u003E\u003Cbr\u003E\u003C\/p\u003E\u003Cp\u003EEstuda-se parcelamento do valor a prazo\u003C\/p\u003E\u003Cp\u003E\u003Cbr\u003E\u003C\/p\u003E","resumo":null,"referencia":"\u00c1REA EM CAMPO LARGO","ordem":"2500000","preco_titulo":"","preco_complemento":"","uso":"Comercial","mapa":"-25.455833594012738, -49.57662097811889","imovel_para":"venda","tipo_negocio":"venda","venda":"1","locacao":"0","locacao_dia":"0","suites":"","mobiliado":"0","cobertura":"0","condominio":"0","condominio_valor":"","id_cidade":"11","cep":"","numero":"","comercial":"1","residencial":"0","lazer":"0","mostramapa":"1","novo":"0","ddd":"41","cidade":"Campo Largo","cidade_uf":"Campo Largo - PR","estado":"Paran\u00e1","cidade_link":"campo_largo_pr","email_corretor":"","nome_corretor":null,"sms_corretor":null,"celular_corretor":null,"sms_quem":"0","sms_limite":"0","empresa_telefone_sms":"","pagina_limite_ofertas":"12","vendido":"0","locado":"0","reservaimovel":"0","linha":null,"linha_link":null,"valores":"0.00-0.00-0.00","status":"0-0-0-0","situacao_titulo":null,"situacao_link":null,"iptu":"","seguro":"","troca":"0","troca_texto":"","complemento":"","esquina":"","anexo":"https:\/\/pow.com.br\/powsites\/82570\/arquivos\/3ad7dd7086f88f3a607ee16a03c0419a.pdf","telefone_plantao":null,"whatsapp_tipo":"4198807-2325","email_tipo":"mce.investimentos@icloud.com","destaque":"0","superdestaque":"0","integradores":["51","52","56","65","66","67"],"images":[{"id":"78354234","id_imovel":"3549739","id_empresa":"82570","arquivo":"F_3549739_78354234.png","titulo":"","data":"2026-08-17 16:23:54","ordem":"0","gerado_image":"0","extensao":null},{"id":"78354299","id_imovel":"3549739","id_empresa":"82570","arquivo":"F_3549739_78354299.jpeg","titulo":"","data":"2026-08-17 16:23:54","ordem":"1","gerado_image":"0","extensao":null},{"id":"78312413","id_imovel":"3549739","id_empresa":"82570","arquivo":"F_3549739_78312413.png","titulo":"","data":"2026-08-17 16:22:39","ordem":"2","gerado_image":"0","extensao":null},{"id":"78312414","id_imovel":"3549739","id_empresa":"82570","arquivo":"F_3549739_78312414.png","titulo":"","data":"2026-08-17 16:22:39","ordem":"3","gerado_image":"0","extensao":null},{"id":"78312415","id_imovel":"3549739","id_empresa":"82570","arquivo":"F_3549739_78312415.png","titulo":"","data":"2026-08-17 16:22:39","ordem":"4","gerado_image":"0","extensao":null}]}]